{"id":12866,"date":"2025-03-31T08:03:00","date_gmt":"2025-03-31T08:03:00","guid":{"rendered":"https:\/\/sublimespain.wpenginepowered.com\/jours-feries-nationaux-espagnols-en-2022-dates-et-celebrations\/"},"modified":"2025-06-29T14:14:35","modified_gmt":"2025-06-29T14:14:35","slug":"jours-feries-nationaux-espagnols-en-2022-dates-et-celebrations","status":"publish","type":"post","link":"https:\/\/www.sublimespain.com\/fr\/jours-feries-nationaux-espagnols-en-2022-dates-et-celebrations\/","title":{"rendered":"Jours f\u00e9ri\u00e9s nationaux espagnols en 2025: dates et c\u00e9l\u00e9brations"},"content":{"rendered":"<p>Si tu vis en Espagne ou que tu pr\u00e9vois d&rsquo;y aller bient\u00f4t, c&rsquo;est important de conna\u00eetre les jours f\u00e9ri\u00e9s espagnols. Beaucoup d&rsquo;Espagnols prennent leurs vacances \u00e0 ces p\u00e9riodes, donc les zones touristiques seront bien plus bond\u00e9es que d&rsquo;habitude. En plus, plein de commerces et services seront ferm\u00e9s pendant ces jours-l\u00e0. Comment \u00e7a marche les jours f\u00e9ri\u00e9s en Espagne? Les jours f\u00e9ri\u00e9s en Espagne sont fix\u00e9s au niveau national, r\u00e9gional et municipal. \u00c7a veut dire que certaines r\u00e9gions peuvent avoir des dates un peu diff\u00e9rentes pour certains jours f\u00e9ri\u00e9s. Les jours f\u00e9ri\u00e9s sont souvent l&rsquo;occasion de spectacles, de f\u00eates et de grandes kermesses. Si tu pr\u00e9vois d&rsquo;assister \u00e0 l&rsquo;un des <a href=\"https:\/\/www.sublimespain.com\/spanish-festivals\/\" target=\"_blank\" rel=\"noopener\">festivals en Espagne<\/a>, arrive t\u00f4t et attends-toi \u00e0 une forte affluence. Visiter l&rsquo;Espagne pendant certaines f\u00eates peut \u00eatre une exp\u00e9rience g\u00e9niale, avec plein de <a href=\"https:\/\/www.sublimespain.com\/spanish-traditions\/\" target=\"_blank\" rel=\"noopener\">traditions espagnoles<\/a> et de plats \u00e0 d\u00e9couvrir.<\/p>\n<div id=\"ez-toc-container\" class=\"ez-toc-v2_0_82_2 counter-hierarchy ez-toc-counter ez-toc-grey ez-toc-container-direction\">\n<div class=\"ez-toc-title-container\">\n<p class=\"ez-toc-title\" style=\"cursor:inherit\">Content<\/p>\n<span class=\"ez-toc-title-toggle\"><a href=\"#\" class=\"ez-toc-pull-right ez-toc-btn ez-toc-btn-xs ez-toc-btn-default ez-toc-toggle\" aria-label=\"Toggle Table of Content\"><span class=\"ez-toc-js-icon-con\"><span class=\"\"><span class=\"eztoc-hide\" style=\"display:none;\">Toggle<\/span><span class=\"ez-toc-icon-toggle-span\"><svg style=\"fill: #323335;color:#323335\" xmlns=\"http:\/\/www.w3.org\/2000\/svg\" class=\"list-377408\" width=\"20px\" height=\"20px\" viewBox=\"0 0 24 24\" fill=\"none\"><path d=\"M6 6H4v2h2V6zm14 0H8v2h12V6zM4 11h2v2H4v-2zm16 0H8v2h12v-2zM4 16h2v2H4v-2zm16 0H8v2h12v-2z\" fill=\"currentColor\"><\/path><\/svg><svg style=\"fill: #323335;color:#323335\" class=\"arrow-unsorted-368013\" xmlns=\"http:\/\/www.w3.org\/2000\/svg\" width=\"10px\" height=\"10px\" viewBox=\"0 0 24 24\" version=\"1.2\" baseProfile=\"tiny\"><path d=\"M18.2 9.3l-6.2-6.3-6.2 6.3c-.2.2-.3.4-.3.7s.1.5.3.7c.2.2.4.3.7.3h11c.3 0 .5-.1.7-.3.2-.2.3-.5.3-.7s-.1-.5-.3-.7zM5.8 14.7l6.2 6.3 6.2-6.3c.2-.2.3-.5.3-.7s-.1-.5-.3-.7c-.2-.2-.4-.3-.7-.3h-11c-.3 0-.5.1-.7.3-.2.2-.3.5-.3.7s.1.5.3.7z\"\/><\/svg><\/span><\/span><\/span><\/a><\/span><\/div>\n<nav><ul class='ez-toc-list ez-toc-list-level-1 ' ><li class='ez-toc-page-1 ez-toc-heading-level-2'><a class=\"ez-toc-link ez-toc-heading-1\" href=\"https:\/\/www.sublimespain.com\/fr\/jours-feries-nationaux-espagnols-en-2022-dates-et-celebrations\/#Les_week-ends_de_quatre_jours\" >Les week-ends de quatre jours<\/a><\/li><li class='ez-toc-page-1 ez-toc-heading-level-2'><a class=\"ez-toc-link ez-toc-heading-2\" href=\"https:\/\/www.sublimespain.com\/fr\/jours-feries-nationaux-espagnols-en-2022-dates-et-celebrations\/#Jours_feries_nationaux_en_Espagne\" >Jours f\u00e9ri\u00e9s nationaux en Espagne<\/a><ul class='ez-toc-list-level-3' ><li class='ez-toc-heading-level-3'><a class=\"ez-toc-link ez-toc-heading-3\" href=\"https:\/\/www.sublimespain.com\/fr\/jours-feries-nationaux-espagnols-en-2022-dates-et-celebrations\/#1er_janvier_%E2%80%93_Nouvel_An_%E2%80%93_mercredi\" >1er janvier &#8211; Nouvel An &#8211; mercredi<\/a><\/li><li class='ez-toc-page-1 ez-toc-heading-level-3'><a class=\"ez-toc-link ez-toc-heading-4\" href=\"https:\/\/www.sublimespain.com\/fr\/jours-feries-nationaux-espagnols-en-2022-dates-et-celebrations\/#6_janvier_%E2%80%93_Dia_de_Los_Reyes_Magos_%E2%80%93_lundi\" >6 janvier &#8211; Dia de Los Reyes Magos &#8211; lundi<\/a><\/li><li class='ez-toc-page-1 ez-toc-heading-level-3'><a class=\"ez-toc-link ez-toc-heading-5\" href=\"https:\/\/www.sublimespain.com\/fr\/jours-feries-nationaux-espagnols-en-2022-dates-et-celebrations\/#17_et_18_avril_%E2%80%93_Jeudi_saint_17_et_Vendredi_saint_18\" >17 et 18 avril &#8211; Jeudi saint (17) et Vendredi saint (18)<\/a><\/li><li class='ez-toc-page-1 ez-toc-heading-level-3'><a class=\"ez-toc-link ez-toc-heading-6\" href=\"https:\/\/www.sublimespain.com\/fr\/jours-feries-nationaux-espagnols-en-2022-dates-et-celebrations\/#1er_mai_%E2%80%93_Fete_du_Travail_%E2%80%93_Jeudi\" >1er mai &#8211; F\u00eate du Travail &#8211; Jeudi<\/a><\/li><li class='ez-toc-page-1 ez-toc-heading-level-3'><a class=\"ez-toc-link ez-toc-heading-7\" href=\"https:\/\/www.sublimespain.com\/fr\/jours-feries-nationaux-espagnols-en-2022-dates-et-celebrations\/#25_juillet_%E2%80%93_Saint-Jacques-Apotre_%E2%80%93_Vendredi\" >25 juillet &#8211; Saint-Jacques-Ap\u00f4tre &#8211; Vendredi<\/a><\/li><li class='ez-toc-page-1 ez-toc-heading-level-3'><a class=\"ez-toc-link ez-toc-heading-8\" href=\"https:\/\/www.sublimespain.com\/fr\/jours-feries-nationaux-espagnols-en-2022-dates-et-celebrations\/#15_aout_%E2%80%93_Fete_de_lAssomption_%E2%80%93_Vendredi\" >15 ao\u00fbt &#8211; F\u00eate de l&rsquo;Assomption &#8211; Vendredi<\/a><\/li><li class='ez-toc-page-1 ez-toc-heading-level-3'><a class=\"ez-toc-link ez-toc-heading-9\" href=\"https:\/\/www.sublimespain.com\/fr\/jours-feries-nationaux-espagnols-en-2022-dates-et-celebrations\/#12_octobre_%E2%80%93_Fete_nationale_espagnole_%E2%80%93_dimanche\" >12 octobre &#8211; F\u00eate nationale espagnole &#8211; dimanche<\/a><\/li><li class='ez-toc-page-1 ez-toc-heading-level-3'><a class=\"ez-toc-link ez-toc-heading-10\" href=\"https:\/\/www.sublimespain.com\/fr\/jours-feries-nationaux-espagnols-en-2022-dates-et-celebrations\/#1er_novembre_%E2%80%93_Toussaint_%E2%80%93_samedi\" >1er novembre &#8211; Toussaint &#8211; samedi<\/a><\/li><li class='ez-toc-page-1 ez-toc-heading-level-3'><a class=\"ez-toc-link ez-toc-heading-11\" href=\"https:\/\/www.sublimespain.com\/fr\/jours-feries-nationaux-espagnols-en-2022-dates-et-celebrations\/#6_decembre_%E2%80%93_Jour_de_la_Constitution_espagnole_%E2%80%93_samedi\" >6 d\u00e9cembre &#8211; Jour de la Constitution espagnole &#8211; samedi<\/a><\/li><li class='ez-toc-page-1 ez-toc-heading-level-3'><a class=\"ez-toc-link ez-toc-heading-12\" href=\"https:\/\/www.sublimespain.com\/fr\/jours-feries-nationaux-espagnols-en-2022-dates-et-celebrations\/#8_decembre_%E2%80%93_Immaculee_Conception_%E2%80%93_lundi\" >8 d\u00e9cembre &#8211; Immacul\u00e9e Conception &#8211; lundi<\/a><\/li><\/ul><\/li><li class='ez-toc-page-1 ez-toc-heading-level-2'><a class=\"ez-toc-link ez-toc-heading-13\" href=\"https:\/\/www.sublimespain.com\/fr\/jours-feries-nationaux-espagnols-en-2022-dates-et-celebrations\/#Jours_feries_par_region_autonome_et_ville\" >Jours f\u00e9ri\u00e9s par r\u00e9gion autonome et ville<\/a><ul class='ez-toc-list-level-3' ><li class='ez-toc-heading-level-3'><a class=\"ez-toc-link ez-toc-heading-14\" href=\"https:\/\/www.sublimespain.com\/fr\/jours-feries-nationaux-espagnols-en-2022-dates-et-celebrations\/#Communaute_de_Madrid\" >Communaut\u00e9 de Madrid<\/a><\/li><li class='ez-toc-page-1 ez-toc-heading-level-3'><a class=\"ez-toc-link ez-toc-heading-15\" href=\"https:\/\/www.sublimespain.com\/fr\/jours-feries-nationaux-espagnols-en-2022-dates-et-celebrations\/#Andalousie\" >Andalousie<\/a><\/li><li class='ez-toc-page-1 ez-toc-heading-level-3'><a class=\"ez-toc-link ez-toc-heading-16\" href=\"https:\/\/www.sublimespain.com\/fr\/jours-feries-nationaux-espagnols-en-2022-dates-et-celebrations\/#Aragon\" >Aragon<\/a><\/li><li class='ez-toc-page-1 ez-toc-heading-level-3'><a class=\"ez-toc-link ez-toc-heading-17\" href=\"https:\/\/www.sublimespain.com\/fr\/jours-feries-nationaux-espagnols-en-2022-dates-et-celebrations\/#Asturies\" >Asturies<\/a><\/li><li class='ez-toc-page-1 ez-toc-heading-level-3'><a class=\"ez-toc-link ez-toc-heading-18\" href=\"https:\/\/www.sublimespain.com\/fr\/jours-feries-nationaux-espagnols-en-2022-dates-et-celebrations\/#Iles_Baleares\" >\u00celes Bal\u00e9ares<\/a><\/li><li class='ez-toc-page-1 ez-toc-heading-level-3'><a class=\"ez-toc-link ez-toc-heading-19\" href=\"https:\/\/www.sublimespain.com\/fr\/jours-feries-nationaux-espagnols-en-2022-dates-et-celebrations\/#Iles_Canaries\" >\u00celes Canaries<\/a><\/li><li class='ez-toc-page-1 ez-toc-heading-level-3'><a class=\"ez-toc-link ez-toc-heading-20\" href=\"https:\/\/www.sublimespain.com\/fr\/jours-feries-nationaux-espagnols-en-2022-dates-et-celebrations\/#Cantabrie\" >Cantabrie<\/a><\/li><li class='ez-toc-page-1 ez-toc-heading-level-3'><a class=\"ez-toc-link ez-toc-heading-21\" href=\"https:\/\/www.sublimespain.com\/fr\/jours-feries-nationaux-espagnols-en-2022-dates-et-celebrations\/#Castille-La_Manche\" >Castille-La Manche<\/a><\/li><li class='ez-toc-page-1 ez-toc-heading-level-3'><a class=\"ez-toc-link ez-toc-heading-22\" href=\"https:\/\/www.sublimespain.com\/fr\/jours-feries-nationaux-espagnols-en-2022-dates-et-celebrations\/#Castille-et-Leon\" >Castille-et-Le\u00f3n<\/a><\/li><li class='ez-toc-page-1 ez-toc-heading-level-3'><a class=\"ez-toc-link ez-toc-heading-23\" href=\"https:\/\/www.sublimespain.com\/fr\/jours-feries-nationaux-espagnols-en-2022-dates-et-celebrations\/#Catalogne\" >Catalogne<\/a><\/li><li class='ez-toc-page-1 ez-toc-heading-level-3'><a class=\"ez-toc-link ez-toc-heading-24\" href=\"https:\/\/www.sublimespain.com\/fr\/jours-feries-nationaux-espagnols-en-2022-dates-et-celebrations\/#Communaute_valencienne\" >Communaut\u00e9 valencienne<\/a><\/li><li class='ez-toc-page-1 ez-toc-heading-level-3'><a class=\"ez-toc-link ez-toc-heading-25\" href=\"https:\/\/www.sublimespain.com\/fr\/jours-feries-nationaux-espagnols-en-2022-dates-et-celebrations\/#Estremadure\" >Estr\u00e9madure<\/a><\/li><li class='ez-toc-page-1 ez-toc-heading-level-3'><a class=\"ez-toc-link ez-toc-heading-26\" href=\"https:\/\/www.sublimespain.com\/fr\/jours-feries-nationaux-espagnols-en-2022-dates-et-celebrations\/#Galice\" >Galice<\/a><\/li><li class='ez-toc-page-1 ez-toc-heading-level-3'><a class=\"ez-toc-link ez-toc-heading-27\" href=\"https:\/\/www.sublimespain.com\/fr\/jours-feries-nationaux-espagnols-en-2022-dates-et-celebrations\/#La_Rioja\" >La Rioja<\/a><\/li><\/ul><\/li><li class='ez-toc-page-1 ez-toc-heading-level-2'><a class=\"ez-toc-link ez-toc-heading-28\" href=\"https:\/\/www.sublimespain.com\/fr\/jours-feries-nationaux-espagnols-en-2022-dates-et-celebrations\/#Un_mot_de_SublimeSpain\" >Un mot de SublimeSpain<\/a><\/li><\/ul><\/nav><\/div>\n<h2><span class=\"ez-toc-section\" id=\"Les_week-ends_de_quatre_jours\"><\/span>Les week-ends de quatre jours<span class=\"ez-toc-section-end\"><\/span><\/h2>\n<p>Les week-ends de quatre jours sont d\u00e9conseill\u00e9s par le gouvernement. Si les jours f\u00e9ri\u00e9s tombent un mardi, mercredi ou jeudi, ils sont souvent d\u00e9plac\u00e9s au lundi ou au vendredi. De cette fa\u00e7on, les week-ends de quatre jours sont d\u00e9courag\u00e9s et on peut bosser plus. <img loading=\"lazy\" decoding=\"async\" class=\"wp-image-7926 size-full aligncenter\" src=\"https:\/\/www.sublimespain.com\/wp-content\/uploads\/2022\/01\/SublimeSpain-Image-207.jpg\" alt=\"\u00ab\" width=\"843\" height=\"317\" srcset=\"https:\/\/www.sublimespain.com\/wp-content\/uploads\/2022\/01\/SublimeSpain-Image-207.jpg 843w, https:\/\/www.sublimespain.com\/wp-content\/uploads\/2022\/01\/SublimeSpain-Image-207-300x113.jpg 300w, https:\/\/www.sublimespain.com\/wp-content\/uploads\/2022\/01\/SublimeSpain-Image-207-768x289.jpg 768w, https:\/\/www.sublimespain.com\/wp-content\/uploads\/2022\/01\/SublimeSpain-Image-207-705x265.jpg 705w\" sizes=\"auto, (max-width: 843px) 100vw, 843px\" \/><\/p><div id=\"spain-78101186\" class=\"spain-content_2 spain-entity-placement\" style=\"margin-top: 10px;margin-bottom: 25px;margin-left: auto;margin-right: auto;text-align: center;\"><div class=\"spain-adlabel\">Advertisement<\/div><script async src=\"\/\/pagead2.googlesyndication.com\/pagead\/js\/adsbygoogle.js?client=ca-pub-5270082138924107\" crossorigin=\"anonymous\"><\/script><ins class=\"adsbygoogle\" style=\"display:block; text-align:center;\" data-ad-client=\"ca-pub-5270082138924107\" \ndata-ad-slot=\"2117526324\" \ndata-ad-layout=\"in-article\"\ndata-ad-format=\"fluid\"><\/ins>\n<script> \n(adsbygoogle = window.adsbygoogle || []).push({}); \n<\/script>\n<\/div>\n<h2><span class=\"ez-toc-section\" id=\"Jours_feries_nationaux_en_Espagne\"><\/span>Jours f\u00e9ri\u00e9s nationaux en Espagne<span class=\"ez-toc-section-end\"><\/span><\/h2>\n<p>Maintenant que nous avons clarifi\u00e9 ces points, voyons quels sont les jours f\u00e9ri\u00e9s nationaux espagnols en 2025.<\/p>\n<ul>\n<li>1er janvier &#8211; Nouvel An &#8211; mercredi<\/li>\n<li>6 janvier &#8211; Dia de Los Reyes Magos &#8211; lundi<\/li>\n<li>15 avril &#8211; Vendredi saint &#8211; vendredi<\/li>\n<li>15 ao\u00fbt &#8211; F\u00eate de l&rsquo;Assomption &#8211; lundi<\/li>\n<li>12 octobre &#8211; F\u00eate nationale espagnole &#8211; mercredi<\/li>\n<li>1er novembre &#8211; Toussaint &#8211; mardi<\/li>\n<li>6 d\u00e9cembre &#8211; Jour de la Constitution espagnole &#8211; mardi<\/li>\n<li>8 d\u00e9cembre &#8211; Immacul\u00e9e Conception &#8211; jeudi<\/li>\n<\/ul>\n<h3><span class=\"ez-toc-section\" id=\"1er_janvier_%E2%80%93_Nouvel_An_%E2%80%93_mercredi\"><\/span>1er janvier &#8211; Nouvel An &#8211; mercredi<span class=\"ez-toc-section-end\"><\/span><\/h3>\n<p>Pendant le Nouvel An en Espagne, les familles vont souvent dans les parcs ou les espaces ouverts et allument des feux d&rsquo;artifice. Ils c\u00e9l\u00e8brent cette f\u00eate en chantant autour d&rsquo;un feu ou en dansant dans des costumes traditionnels. \u00c0 minuit, ils mangent douze grains de raisin, un \u00e0 chaque coup de minuit. Ensuite, ils trinquent avec du cava ou du champagne et font la f\u00eate jusqu&rsquo;au petit matin.<\/p>\n<h3><span class=\"ez-toc-section\" id=\"6_janvier_%E2%80%93_Dia_de_Los_Reyes_Magos_%E2%80%93_lundi\"><\/span>6 janvier &#8211; Dia de Los Reyes Magos &#8211; lundi<span class=\"ez-toc-section-end\"><\/span><\/h3>\n<p>Les Rois mages <em>(ou Los Reyes Magos)<\/em> sont importants pendant les vacances d&rsquo;hiver en Espagne. Ce sont eux qui apportent les cadeaux aux enfants espagnols la nuit pr\u00e9c\u00e9dant le jour des Rois. Les 5 et 6 janvier, il y a des d\u00e9fil\u00e9s, de la nourriture, de la musique et des \u00e9changes de cadeaux partout en Espagne. M\u00eame si certaines familles espagnoles ont aussi adopt\u00e9 la tradition du P\u00e8re No\u00ebl ces derni\u00e8res ann\u00e9es, ce sont les Rois mages qui restent les plus importants.<\/p>\n<h3><span class=\"ez-toc-section\" id=\"17_et_18_avril_%E2%80%93_Jeudi_saint_17_et_Vendredi_saint_18\"><\/span>17 et 18 avril &#8211; Jeudi saint (17) et Vendredi saint (18)<span class=\"ez-toc-section-end\"><\/span><\/h3>\n<p>L&rsquo;Espagne est un pays chr\u00e9tien avec plein de f\u00eates religieuses, et deux des plus importantes sont le Jeudi saint et le Vendredi saint. Ces jours f\u00e9ri\u00e9s ont lieu pendant la Semaine sainte et tombent le jeudi et le vendredi avant le dimanche de P\u00e2ques. Ils comm\u00e9morent la crucifixion et la mort de J\u00e9sus. Cette journ\u00e9e est g\u00e9n\u00e9ralement marqu\u00e9e par des offices dans les \u00e9glises ou les cath\u00e9drales, ainsi que par des processions qui retracent la Passion du Christ, de sa condamnation \u00e0 son enterrement.<\/p>\n<h3><span class=\"ez-toc-section\" id=\"1er_mai_%E2%80%93_Fete_du_Travail_%E2%80%93_Jeudi\"><\/span>1er mai &#8211; F\u00eate du Travail &#8211; Jeudi<span class=\"ez-toc-section-end\"><\/span><\/h3>\n<p>En espagnol, le \u00ab D\u00eda del trabajador \u00bb est un jour f\u00e9ri\u00e9 national qui rend hommage aux travailleurs et \u00e0 leur contribution sociale et \u00e9conomique. Ce jour-l\u00e0, plein de gens participent \u00e0 des manifestations pacifiques et \u00e0 des \u00e9v\u00e9nements organis\u00e9s par les syndicats qui mettent l&rsquo;accent sur les droits des travailleurs et les questions actuelles li\u00e9es au travail. La plupart des entreprises, des \u00e9coles et des administrations sont ferm\u00e9es, ce qui permet aux gens de se reposer ou d&rsquo;assister \u00e0 des rassemblements communautaires. Cette journ\u00e9e refl\u00e8te la longue tradition espagnole qui valorise la justice sociale, la solidarit\u00e9 et l&rsquo;importance de conditions de travail \u00e9quitables.<\/p>\n<h3><span class=\"ez-toc-section\" id=\"25_juillet_%E2%80%93_Saint-Jacques-Apotre_%E2%80%93_Vendredi\"><\/span>25 juillet &#8211; Saint-Jacques-Ap\u00f4tre &#8211; Vendredi<span class=\"ez-toc-section-end\"><\/span><\/h3>\n<p>C&rsquo;est l&rsquo;une des f\u00eates religieuses les plus ch\u00e8res \u00e0 l&rsquo;Espagne. Elle rend hommage \u00e0 saint Jacques l&rsquo;Ap\u00f4tre, saint patron de l&rsquo;Espagne, dont les restes reposeraient dans la ville de Saint-Jacques-de-Compostelle, en Galice. Cette journ\u00e9e est particuli\u00e8rement importante dans cette r\u00e9gion, o\u00f9 des milliers de p\u00e8lerins terminent le c\u00e9l\u00e8bre chemin de Compostelle. Les festivit\u00e9s comprennent des c\u00e9r\u00e9monies religieuses, de la musique traditionnelle, des danses et des feux d&rsquo;artifice. C&rsquo;est une journ\u00e9e qui m\u00eale une profonde signification spirituelle \u00e0 des traditions culturelles joyeuses, refl\u00e9tant le riche patrimoine historique et religieux de l&rsquo;Espagne.<\/p>\n<h3><span class=\"ez-toc-section\" id=\"15_aout_%E2%80%93_Fete_de_lAssomption_%E2%80%93_Vendredi\"><\/span>15 ao\u00fbt &#8211; F\u00eate de l&rsquo;Assomption &#8211; Vendredi<span class=\"ez-toc-section-end\"><\/span><\/h3>\n<p>L&rsquo;Espagne catholique c\u00e9l\u00e8bre la f\u00eate de l&rsquo;Assomption. Pendant cette p\u00e9riode, les gens vont souvent \u00e0 l&rsquo;\u00e9glise et assistent \u00e0 des messes en l&rsquo;honneur de l&rsquo;Assomption de Marie au ciel. De nombreux concours et f\u00eates sont \u00e9galement organis\u00e9s pendant ces jours-l\u00e0, avec des foires et des festins. M\u00eame si un \u00ab festin \u00bb n&rsquo;est pas obligatoire, il y a une vieille tradition qui consiste \u00e0 b\u00e9nir les r\u00e9coltes estivales.<\/p>\n<h3><span class=\"ez-toc-section\" id=\"12_octobre_%E2%80%93_Fete_nationale_espagnole_%E2%80%93_dimanche\"><\/span>12 octobre &#8211; F\u00eate nationale espagnole &#8211; dimanche<span class=\"ez-toc-section-end\"><\/span><\/h3>\n<p>La f\u00eate nationale espagnole c\u00e9l\u00e8bre la culture et l&rsquo;histoire du pays. Chaque ville organise souvent un d\u00e9fil\u00e9 avec des chars, des drapeaux et des costumes traditionnels qui te donneront un aper\u00e7u fascinant de la culture espagnole. Il y a aussi des feux d&rsquo;artifice et plein d&rsquo;activit\u00e9s pour s&rsquo;amuser en famille ou entre amis. Il y a plein de festivit\u00e9s dans tout le pays pour c\u00e9l\u00e9brer ces \u00e9v\u00e9nements.<\/p>\n<h3><span class=\"ez-toc-section\" id=\"1er_novembre_%E2%80%93_Toussaint_%E2%80%93_samedi\"><\/span>1er novembre &#8211; Toussaint &#8211; samedi<span class=\"ez-toc-section-end\"><\/span><\/h3>\n<p>La Toussaint est une f\u00eate catholique qui rend hommage aux morts, surtout aux membres de la famille et aux amis. Pendant la Toussaint, les gens ne travaillent pas pour passer la journ\u00e9e en famille. Si tu es en Espagne \u00e0 cette p\u00e9riode, tu peux vivre cette f\u00eate en te joignant aux familles espagnoles dans les cimeti\u00e8res. Elles d\u00e9corent souvent les tombes avec des fleurs ou organisent des messes sp\u00e9ciales dans les \u00e9glises.<\/p>\n<h3><span class=\"ez-toc-section\" id=\"6_decembre_%E2%80%93_Jour_de_la_Constitution_espagnole_%E2%80%93_samedi\"><\/span>6 d\u00e9cembre &#8211; Jour de la Constitution espagnole &#8211; samedi<span class=\"ez-toc-section-end\"><\/span><\/h3>\n<p>Le Jour de la Constitution est une f\u00eate nationale o\u00f9 les Espagnols comm\u00e9morent l&rsquo;adoption de leur constitution. Elle c\u00e9l\u00e8bre la chute de la dictature de Franco en Espagne et est consid\u00e9r\u00e9e comme un jour de d\u00e9mocratie. Cette journ\u00e9e est principalement c\u00e9l\u00e9br\u00e9e avec des drapeaux espagnols, des discours et des d\u00e9fil\u00e9s dans tout le pays.<\/p>\n<h3><span class=\"ez-toc-section\" id=\"8_decembre_%E2%80%93_Immaculee_Conception_%E2%80%93_lundi\"><\/span>8 d\u00e9cembre &#8211; Immacul\u00e9e Conception &#8211; lundi<span class=\"ez-toc-section-end\"><\/span><\/h3>\n<p>Ce jour est un jour f\u00e9ri\u00e9 catholique en Espagne qui comm\u00e9more l&rsquo;Immacul\u00e9e Conception de Marie. L&rsquo;Immacul\u00e9e Conception est un dogme de l&rsquo;\u00c9glise catholique romaine qui affirme que la Vierge Marie \u00e9tait sans p\u00e9ch\u00e9 d\u00e8s sa conception. Cette f\u00eate est c\u00e9l\u00e9br\u00e9e par la participation \u00e0 des messes en l&rsquo;honneur de Marie. Le 25 d\u00e9cembre &#8211; No\u00ebl &#8211; jeudi No\u00ebl en Espagne, c\u00e9l\u00e9br\u00e9 le 25 d\u00e9cembre, est une f\u00eate familiale et festive riche en traditions. La saison commence d\u00e9but d\u00e9cembre et se poursuit jusqu&rsquo;au d\u00e9but janvier, avec des dates cl\u00e9s comme la veille de No\u00ebl (Nochebuena) et l&rsquo;\u00c9piphanie (D\u00eda de los Reyes Magos) qui jouent un r\u00f4le central. Le jour de No\u00ebl, les familles se r\u00e9unissent pour un repas sp\u00e9cial, souvent compos\u00e9 de plats r\u00e9gionaux et de sucreries comme le turr\u00f3n. M\u00eame si c&rsquo;est plus courant de s&rsquo;offrir des cadeaux le 6 janvier, certaines familles \u00e9changent aussi des cadeaux \u00e0 No\u00ebl. Les rues sont illumin\u00e9es et d\u00e9cor\u00e9es de cr\u00e8ches, cr\u00e9ant une ambiance chaleureuse et joyeuse dans tout le pays. Tout ce que tu dois savoir \u00bb width=\u00a0\u00bb843&Prime; height=\u00a0\u00bb317&Prime; \/&gt;<\/p>\n<h2><span class=\"ez-toc-section\" id=\"Jours_feries_par_region_autonome_et_ville\"><\/span>Jours f\u00e9ri\u00e9s par r\u00e9gion autonome et ville<span class=\"ez-toc-section-end\"><\/span><\/h2>\n<p>En plus des jours f\u00e9ri\u00e9s nationaux espagnols, il y a aussi des jours f\u00e9ri\u00e9s par r\u00e9gion autonome et par ville. Ces jours f\u00e9ri\u00e9s sont d\u00e9cid\u00e9s par la communaut\u00e9 autonome elle-m\u00eame, ce qui peut offrir une exp\u00e9rience diff\u00e9rente aux visiteurs. En g\u00e9n\u00e9ral, elles peuvent fixer jusqu&rsquo;\u00e0 trois jours f\u00e9ri\u00e9s par an, mais \u00e7a d\u00e9pend de la r\u00e9gion. Voyons de plus pr\u00e8s les jours f\u00e9ri\u00e9s des principales r\u00e9gions:<\/p>\n<h3><span class=\"ez-toc-section\" id=\"Communaute_de_Madrid\"><\/span>Communaut\u00e9 de Madrid<span class=\"ez-toc-section-end\"><\/span><\/h3>\n<ul>\n<li>2 mai (vendredi): Jour de la Communaut\u00e9 de Madrid<\/li>\n<\/ul>\n<h3><span class=\"ez-toc-section\" id=\"Andalousie\"><\/span>Andalousie<span class=\"ez-toc-section-end\"><\/span><\/h3>\n<ul>\n<li>28 f\u00e9vrier (vendredi): Jour de l&rsquo;Andalousie<\/li>\n<\/ul>\n<h3><span class=\"ez-toc-section\" id=\"Aragon\"><\/span>Aragon<span class=\"ez-toc-section-end\"><\/span><\/h3>\n<ul>\n<li>23 avril (mercredi): Jour de l&rsquo;Aragon (Saint Georges)<\/li>\n<\/ul>\n<h3><span class=\"ez-toc-section\" id=\"Asturies\"><\/span>Asturies<span class=\"ez-toc-section-end\"><\/span><\/h3>\n<ul>\n<li>8 septembre (lundi): Jour des Asturies<\/li>\n<\/ul>\n<h3><span class=\"ez-toc-section\" id=\"Iles_Baleares\"><\/span>\u00celes Bal\u00e9ares<span class=\"ez-toc-section-end\"><\/span><\/h3>\n<ul>\n<li>1er mars (samedi): Jour des Bal\u00e9ares<\/li>\n<li>26 d\u00e9cembre (vendredi): Saint \u00c9tienne<\/li>\n<\/ul>\n<h3><span class=\"ez-toc-section\" id=\"Iles_Canaries\"><\/span>\u00celes Canaries<span class=\"ez-toc-section-end\"><\/span><\/h3>\n<ul>\n<li>30 mai (vendredi): Jour des Canaries<\/li>\n<\/ul>\n<h3><span class=\"ez-toc-section\" id=\"Cantabrie\"><\/span>Cantabrie<span class=\"ez-toc-section-end\"><\/span><\/h3>\n<ul>\n<li>28 juillet (lundi): Jour des institutions de Cantabrie<\/li>\n<li>15 septembre (lundi): F\u00eate de la Bien Aparecida<\/li>\n<\/ul>\n<h3><span class=\"ez-toc-section\" id=\"Castille-La_Manche\"><\/span>Castille-La Manche<span class=\"ez-toc-section-end\"><\/span><\/h3>\n<ul>\n<li>31 mai (samedi): Jour de Castille-La Manche<\/li>\n<li>19 juin (jeudi): F\u00eate-Dieu<\/li>\n<\/ul>\n<h3><span class=\"ez-toc-section\" id=\"Castille-et-Leon\"><\/span>Castille-et-Le\u00f3n<span class=\"ez-toc-section-end\"><\/span><\/h3>\n<ul>\n<li>23 avril (mercredi): Jour de la Castille-et-Le\u00f3n<\/li>\n<\/ul>\n<h3><span class=\"ez-toc-section\" id=\"Catalogne\"><\/span>Catalogne<span class=\"ez-toc-section-end\"><\/span><\/h3>\n<ul>\n<li>24 juin (mardi): Saint-Jean<\/li>\n<li>11 septembre (jeudi): F\u00eate nationale de la Catalogne<\/li>\n<li>26 d\u00e9cembre (vendredi): Saint-\u00c9tienne<\/li>\n<\/ul>\n<h3><span class=\"ez-toc-section\" id=\"Communaute_valencienne\"><\/span>Communaut\u00e9 valencienne<span class=\"ez-toc-section-end\"><\/span><\/h3>\n<ul>\n<li>19 mars (mercredi): Saint-Joseph<\/li>\n<li>9 octobre (jeudi): Jour de la Communaut\u00e9 valencienne<\/li>\n<\/ul>\n<h3><span class=\"ez-toc-section\" id=\"Estremadure\"><\/span>Estr\u00e9madure<span class=\"ez-toc-section-end\"><\/span><\/h3>\n<ul>\n<li>8 septembre (lundi): Jour de l&rsquo;Estr\u00e9madure<\/li>\n<\/ul>\n<h3><span class=\"ez-toc-section\" id=\"Galice\"><\/span>Galice<span class=\"ez-toc-section-end\"><\/span><\/h3>\n<ul>\n<li>17 mai (samedi): Jour de la litt\u00e9rature galicienne<\/li>\n<li>25 juillet (vendredi): Saint-Jacques (Jour de la Galice)<\/li>\n<\/ul>\n<h3><span class=\"ez-toc-section\" id=\"La_Rioja\"><\/span>La Rioja<span class=\"ez-toc-section-end\"><\/span><\/h3>\n<ul>\n<li>9 juin (lundi): Jour de La Rioja<\/li>\n<\/ul>\n<div id=\"spain-742837669\" class=\"spain-last-image spain-entity-placement\" style=\"margin-top: 10px;margin-bottom: 25px;\"><div class=\"spain-adlabel\">Advertisement<\/div><script async src=\"\/\/pagead2.googlesyndication.com\/pagead\/js\/adsbygoogle.js?client=ca-pub-5270082138924107\" crossorigin=\"anonymous\"><\/script><ins class=\"adsbygoogle\" style=\"display:block; text-align:center;\" data-ad-client=\"ca-pub-5270082138924107\" \ndata-ad-slot=\"2117526324\" \ndata-ad-layout=\"in-article\"\ndata-ad-format=\"fluid\"><\/ins>\n<script> \n(adsbygoogle = window.adsbygoogle || []).push({}); \n<\/script>\n<\/div><h2><span class=\"ez-toc-section\" id=\"Un_mot_de_SublimeSpain\"><\/span>Un mot de SublimeSpain<span class=\"ez-toc-section-end\"><\/span><\/h2>\n<p>Si tu explores l&rsquo;Espagne en 2025, conna\u00eetre les jours f\u00e9ri\u00e9s nationaux et r\u00e9gionaux t&rsquo;aidera \u00e0 mieux comprendre sa culture et son rythme de vie. Que tu pr\u00e9voies une escapade, que tu participes \u00e0 des festivit\u00e9s locales ou que tu souhaites simplement t&rsquo;impr\u00e9gner de l&rsquo;atmosph\u00e8re, ces dates sp\u00e9ciales sont l&rsquo;occasion id\u00e9ale de d\u00e9couvrir l&rsquo;Espagne sous son jour le plus anim\u00e9. Fais de la place pour les c\u00e9l\u00e9brations et laisse chaque jour f\u00e9ri\u00e9 enrichir ton voyage. Tu peux trouver plus d&rsquo;infos sur le <a href=\"https:\/\/www.exteriores.gob.es\/Consulados\/alejandria\/es\/Comunicacion\/Noticias\/Paginas\/Articulos\/Festivos.aspx\" target=\"_blank\" rel=\"noopener\">site officiel du gouvernement espagnol<\/a>.<\/p>\n<p><strong><em>Avertissement:<\/em><\/strong> <em>Les infos sur cette page peuvent \u00eatre incompl\u00e8tes ou obsol\u00e8tes. Elles ne doivent en aucun cas \u00eatre consid\u00e9r\u00e9es comme des conseils juridiques professionnels. On te recommande vivement de demander conseil \u00e0 un expert juridique si tu n&rsquo;as pas les connaissances ou l&rsquo;exp\u00e9rience n\u00e9cessaires pour effectuer les d\u00e9marches d\u00e9crites dans ces articles.<\/em><\/p>\n","protected":false},"excerpt":{"rendered":"<p>Si tu vis en Espagne ou que tu pr\u00e9vois d&rsquo;y aller bient\u00f4t, c&rsquo;est important de conna\u00eetre les jours f\u00e9ri\u00e9s espagnols. Beaucoup d&rsquo;Espagnols prennent leurs vacances \u00e0 ces p\u00e9riodes, donc les zones touristiques seront bien plus bond\u00e9es que d&rsquo;habitude. En plus, plein de commerces et services seront ferm\u00e9s pendant ces jours-l\u00e0. Comment \u00e7a marche les jours [&hellip;]<\/p>\n","protected":false},"author":1,"featured_media":17832,"comment_status":"closed","ping_status":"closed","sticky":false,"template":"","format":"standard","meta":{"_acf_changed":false,"footnotes":""},"categories":[217],"tags":[],"class_list":["post-12866","post","type-post","status-publish","format-standard","has-post-thumbnail","hentry","category-la-vie"],"acf":[],"yoast_head":"<!-- This site is optimized with the Yoast SEO plugin v27.5 - https:\/\/yoast.com\/product\/yoast-seo-wordpress\/ -->\n<title>Jours f\u00e9ri\u00e9s nationaux espagnols en 2025: dates et c\u00e9l\u00e9brations &#8211; SublimeSpain<\/title>\n<meta name=\"description\" content=\"Si vous vivez en Espagne ou si vous pr\u00e9voyez de vous y rendre dans un avenir proche, il est important de conna\u00eetre les jours f\u00e9ri\u00e9s espagnols.\" \/>\n<meta name=\"robots\" content=\"index, follow, max-snippet:-1, max-image-preview:large, max-video-preview:-1\" \/>\n<link rel=\"canonical\" href=\"https:\/\/www.sublimespain.com\/fr\/jours-feries-nationaux-espagnols-en-2022-dates-et-celebrations\/\" \/>\n<meta property=\"og:locale\" content=\"fr_FR\" \/>\n<meta property=\"og:type\" content=\"article\" \/>\n<meta property=\"og:title\" content=\"Jours f\u00e9ri\u00e9s nationaux espagnols en 2025: dates et c\u00e9l\u00e9brations &#8211; SublimeSpain\" \/>\n<meta property=\"og:description\" content=\"Si vous vivez en Espagne ou si vous pr\u00e9voyez de vous y rendre dans un avenir proche, il est important de conna\u00eetre les jours f\u00e9ri\u00e9s espagnols.\" \/>\n<meta property=\"og:url\" content=\"https:\/\/www.sublimespain.com\/fr\/jours-feries-nationaux-espagnols-en-2022-dates-et-celebrations\/\" \/>\n<meta property=\"og:site_name\" content=\"SublimeSpain\" \/>\n<meta property=\"article:published_time\" content=\"2025-03-31T08:03:00+00:00\" \/>\n<meta property=\"article:modified_time\" content=\"2025-06-29T14:14:35+00:00\" \/>\n<meta property=\"og:image\" content=\"https:\/\/www.sublimespain.com\/wp-content\/uploads\/National-Spanish-Holidays-in-2022-Dates-and-Celebrations.jpg\" \/>\n\t<meta property=\"og:image:width\" content=\"1600\" \/>\n\t<meta property=\"og:image:height\" content=\"900\" \/>\n\t<meta property=\"og:image:type\" content=\"image\/jpeg\" \/>\n<meta name=\"author\" content=\"Martin\" \/>\n<meta name=\"twitter:card\" content=\"summary_large_image\" \/>\n<meta name=\"twitter:label1\" content=\"\u00c9crit par\" \/>\n\t<meta name=\"twitter:data1\" content=\"Martin\" \/>\n\t<meta name=\"twitter:label2\" content=\"Dur\u00e9e de lecture estim\u00e9e\" \/>\n\t<meta name=\"twitter:data2\" content=\"8 minutes\" \/>\n<script type=\"application\/ld+json\" class=\"yoast-schema-graph\">{\"@context\":\"https:\\\/\\\/schema.org\",\"@graph\":[{\"@type\":\"Article\",\"@id\":\"https:\\\/\\\/www.sublimespain.com\\\/fr\\\/jours-feries-nationaux-espagnols-en-2022-dates-et-celebrations\\\/#article\",\"isPartOf\":{\"@id\":\"https:\\\/\\\/www.sublimespain.com\\\/fr\\\/jours-feries-nationaux-espagnols-en-2022-dates-et-celebrations\\\/\"},\"author\":{\"name\":\"Martin\",\"@id\":\"https:\\\/\\\/www.sublimespain.com\\\/fr\\\/#\\\/schema\\\/person\\\/3e53beabee1d3d2240a2f74ff56b8489\"},\"headline\":\"Jours f\u00e9ri\u00e9s nationaux espagnols en 2025: dates et c\u00e9l\u00e9brations\",\"datePublished\":\"2025-03-31T08:03:00+00:00\",\"dateModified\":\"2025-06-29T14:14:35+00:00\",\"mainEntityOfPage\":{\"@id\":\"https:\\\/\\\/www.sublimespain.com\\\/fr\\\/jours-feries-nationaux-espagnols-en-2022-dates-et-celebrations\\\/\"},\"wordCount\":1831,\"publisher\":{\"@id\":\"https:\\\/\\\/www.sublimespain.com\\\/fr\\\/#organization\"},\"image\":{\"@id\":\"https:\\\/\\\/www.sublimespain.com\\\/fr\\\/jours-feries-nationaux-espagnols-en-2022-dates-et-celebrations\\\/#primaryimage\"},\"thumbnailUrl\":\"https:\\\/\\\/www.sublimespain.com\\\/wp-content\\\/uploads\\\/National-Spanish-Holidays-in-2022-Dates-and-Celebrations.jpg\",\"articleSection\":[\"La vie\"],\"inLanguage\":\"fr-FR\"},{\"@type\":\"WebPage\",\"@id\":\"https:\\\/\\\/www.sublimespain.com\\\/fr\\\/jours-feries-nationaux-espagnols-en-2022-dates-et-celebrations\\\/\",\"url\":\"https:\\\/\\\/www.sublimespain.com\\\/fr\\\/jours-feries-nationaux-espagnols-en-2022-dates-et-celebrations\\\/\",\"name\":\"Jours f\u00e9ri\u00e9s nationaux espagnols en 2025: dates et c\u00e9l\u00e9brations &#8211; SublimeSpain\",\"isPartOf\":{\"@id\":\"https:\\\/\\\/www.sublimespain.com\\\/fr\\\/#website\"},\"primaryImageOfPage\":{\"@id\":\"https:\\\/\\\/www.sublimespain.com\\\/fr\\\/jours-feries-nationaux-espagnols-en-2022-dates-et-celebrations\\\/#primaryimage\"},\"image\":{\"@id\":\"https:\\\/\\\/www.sublimespain.com\\\/fr\\\/jours-feries-nationaux-espagnols-en-2022-dates-et-celebrations\\\/#primaryimage\"},\"thumbnailUrl\":\"https:\\\/\\\/www.sublimespain.com\\\/wp-content\\\/uploads\\\/National-Spanish-Holidays-in-2022-Dates-and-Celebrations.jpg\",\"datePublished\":\"2025-03-31T08:03:00+00:00\",\"dateModified\":\"2025-06-29T14:14:35+00:00\",\"description\":\"Si vous vivez en Espagne ou si vous pr\u00e9voyez de vous y rendre dans un avenir proche, il est important de conna\u00eetre les jours f\u00e9ri\u00e9s espagnols.\",\"breadcrumb\":{\"@id\":\"https:\\\/\\\/www.sublimespain.com\\\/fr\\\/jours-feries-nationaux-espagnols-en-2022-dates-et-celebrations\\\/#breadcrumb\"},\"inLanguage\":\"fr-FR\",\"potentialAction\":[{\"@type\":\"ReadAction\",\"target\":[\"https:\\\/\\\/www.sublimespain.com\\\/fr\\\/jours-feries-nationaux-espagnols-en-2022-dates-et-celebrations\\\/\"]}]},{\"@type\":\"ImageObject\",\"inLanguage\":\"fr-FR\",\"@id\":\"https:\\\/\\\/www.sublimespain.com\\\/fr\\\/jours-feries-nationaux-espagnols-en-2022-dates-et-celebrations\\\/#primaryimage\",\"url\":\"https:\\\/\\\/www.sublimespain.com\\\/wp-content\\\/uploads\\\/National-Spanish-Holidays-in-2022-Dates-and-Celebrations.jpg\",\"contentUrl\":\"https:\\\/\\\/www.sublimespain.com\\\/wp-content\\\/uploads\\\/National-Spanish-Holidays-in-2022-Dates-and-Celebrations.jpg\",\"width\":1600,\"height\":900,\"caption\":\"National Spanish Holidays\"},{\"@type\":\"BreadcrumbList\",\"@id\":\"https:\\\/\\\/www.sublimespain.com\\\/fr\\\/jours-feries-nationaux-espagnols-en-2022-dates-et-celebrations\\\/#breadcrumb\",\"itemListElement\":[{\"@type\":\"ListItem\",\"position\":1,\"name\":\"Home\",\"item\":\"https:\\\/\\\/www.sublimespain.com\\\/fr\\\/comptables-avocats-et-specialistes-en-espagne\\\/\"},{\"@type\":\"ListItem\",\"position\":2,\"name\":\"Jours f\u00e9ri\u00e9s nationaux espagnols en 2025: dates et c\u00e9l\u00e9brations\"}]},{\"@type\":\"WebSite\",\"@id\":\"https:\\\/\\\/www.sublimespain.com\\\/fr\\\/#website\",\"url\":\"https:\\\/\\\/www.sublimespain.com\\\/fr\\\/\",\"name\":\"SublimeSpain\",\"description\":\"Discover new possibilities\",\"publisher\":{\"@id\":\"https:\\\/\\\/www.sublimespain.com\\\/fr\\\/#organization\"},\"potentialAction\":[{\"@type\":\"SearchAction\",\"target\":{\"@type\":\"EntryPoint\",\"urlTemplate\":\"https:\\\/\\\/www.sublimespain.com\\\/fr\\\/?s={search_term_string}\"},\"query-input\":{\"@type\":\"PropertyValueSpecification\",\"valueRequired\":true,\"valueName\":\"search_term_string\"}}],\"inLanguage\":\"fr-FR\"},{\"@type\":\"Organization\",\"@id\":\"https:\\\/\\\/www.sublimespain.com\\\/fr\\\/#organization\",\"name\":\"SublimeSpain\",\"url\":\"https:\\\/\\\/www.sublimespain.com\\\/fr\\\/\",\"logo\":{\"@type\":\"ImageObject\",\"inLanguage\":\"fr-FR\",\"@id\":\"https:\\\/\\\/www.sublimespain.com\\\/fr\\\/#\\\/schema\\\/logo\\\/image\\\/\",\"url\":\"https:\\\/\\\/www.sublimespain.com\\\/wp-content\\\/uploads\\\/Sublime-Spain-Isotype-Blue.png\",\"contentUrl\":\"https:\\\/\\\/www.sublimespain.com\\\/wp-content\\\/uploads\\\/Sublime-Spain-Isotype-Blue.png\",\"width\":6250,\"height\":6250,\"caption\":\"SublimeSpain\"},\"image\":{\"@id\":\"https:\\\/\\\/www.sublimespain.com\\\/fr\\\/#\\\/schema\\\/logo\\\/image\\\/\"}},{\"@type\":\"Person\",\"@id\":\"https:\\\/\\\/www.sublimespain.com\\\/fr\\\/#\\\/schema\\\/person\\\/3e53beabee1d3d2240a2f74ff56b8489\",\"name\":\"Martin\",\"description\":\"Drawing from my Dutch and Spanish heritage and family ties, I hope to add personality to my articles. My goal is to connect readers with knowledge about Spain and help them explore the rich country.\",\"url\":\"https:\\\/\\\/www.sublimespain.com\\\/fr\\\/author\\\/desmondg\\\/\"}]}<\/script>\n<!-- \/ Yoast SEO plugin. -->","yoast_head_json":{"title":"Jours f\u00e9ri\u00e9s nationaux espagnols en 2025: dates et c\u00e9l\u00e9brations &#8211; SublimeSpain","description":"Si vous vivez en Espagne ou si vous pr\u00e9voyez de vous y rendre dans un avenir proche, il est important de conna\u00eetre les jours f\u00e9ri\u00e9s espagnols.","robots":{"index":"index","follow":"follow","max-snippet":"max-snippet:-1","max-image-preview":"max-image-preview:large","max-video-preview":"max-video-preview:-1"},"canonical":"https:\/\/www.sublimespain.com\/fr\/jours-feries-nationaux-espagnols-en-2022-dates-et-celebrations\/","og_locale":"fr_FR","og_type":"article","og_title":"Jours f\u00e9ri\u00e9s nationaux espagnols en 2025: dates et c\u00e9l\u00e9brations &#8211; SublimeSpain","og_description":"Si vous vivez en Espagne ou si vous pr\u00e9voyez de vous y rendre dans un avenir proche, il est important de conna\u00eetre les jours f\u00e9ri\u00e9s espagnols.","og_url":"https:\/\/www.sublimespain.com\/fr\/jours-feries-nationaux-espagnols-en-2022-dates-et-celebrations\/","og_site_name":"SublimeSpain","article_published_time":"2025-03-31T08:03:00+00:00","article_modified_time":"2025-06-29T14:14:35+00:00","og_image":[{"width":1600,"height":900,"url":"https:\/\/www.sublimespain.com\/wp-content\/uploads\/National-Spanish-Holidays-in-2022-Dates-and-Celebrations.jpg","type":"image\/jpeg"}],"author":"Martin","twitter_card":"summary_large_image","twitter_misc":{"\u00c9crit par":"Martin","Dur\u00e9e de lecture estim\u00e9e":"8 minutes"},"schema":{"@context":"https:\/\/schema.org","@graph":[{"@type":"Article","@id":"https:\/\/www.sublimespain.com\/fr\/jours-feries-nationaux-espagnols-en-2022-dates-et-celebrations\/#article","isPartOf":{"@id":"https:\/\/www.sublimespain.com\/fr\/jours-feries-nationaux-espagnols-en-2022-dates-et-celebrations\/"},"author":{"name":"Martin","@id":"https:\/\/www.sublimespain.com\/fr\/#\/schema\/person\/3e53beabee1d3d2240a2f74ff56b8489"},"headline":"Jours f\u00e9ri\u00e9s nationaux espagnols en 2025: dates et c\u00e9l\u00e9brations","datePublished":"2025-03-31T08:03:00+00:00","dateModified":"2025-06-29T14:14:35+00:00","mainEntityOfPage":{"@id":"https:\/\/www.sublimespain.com\/fr\/jours-feries-nationaux-espagnols-en-2022-dates-et-celebrations\/"},"wordCount":1831,"publisher":{"@id":"https:\/\/www.sublimespain.com\/fr\/#organization"},"image":{"@id":"https:\/\/www.sublimespain.com\/fr\/jours-feries-nationaux-espagnols-en-2022-dates-et-celebrations\/#primaryimage"},"thumbnailUrl":"https:\/\/www.sublimespain.com\/wp-content\/uploads\/National-Spanish-Holidays-in-2022-Dates-and-Celebrations.jpg","articleSection":["La vie"],"inLanguage":"fr-FR"},{"@type":"WebPage","@id":"https:\/\/www.sublimespain.com\/fr\/jours-feries-nationaux-espagnols-en-2022-dates-et-celebrations\/","url":"https:\/\/www.sublimespain.com\/fr\/jours-feries-nationaux-espagnols-en-2022-dates-et-celebrations\/","name":"Jours f\u00e9ri\u00e9s nationaux espagnols en 2025: dates et c\u00e9l\u00e9brations &#8211; SublimeSpain","isPartOf":{"@id":"https:\/\/www.sublimespain.com\/fr\/#website"},"primaryImageOfPage":{"@id":"https:\/\/www.sublimespain.com\/fr\/jours-feries-nationaux-espagnols-en-2022-dates-et-celebrations\/#primaryimage"},"image":{"@id":"https:\/\/www.sublimespain.com\/fr\/jours-feries-nationaux-espagnols-en-2022-dates-et-celebrations\/#primaryimage"},"thumbnailUrl":"https:\/\/www.sublimespain.com\/wp-content\/uploads\/National-Spanish-Holidays-in-2022-Dates-and-Celebrations.jpg","datePublished":"2025-03-31T08:03:00+00:00","dateModified":"2025-06-29T14:14:35+00:00","description":"Si vous vivez en Espagne ou si vous pr\u00e9voyez de vous y rendre dans un avenir proche, il est important de conna\u00eetre les jours f\u00e9ri\u00e9s espagnols.","breadcrumb":{"@id":"https:\/\/www.sublimespain.com\/fr\/jours-feries-nationaux-espagnols-en-2022-dates-et-celebrations\/#breadcrumb"},"inLanguage":"fr-FR","potentialAction":[{"@type":"ReadAction","target":["https:\/\/www.sublimespain.com\/fr\/jours-feries-nationaux-espagnols-en-2022-dates-et-celebrations\/"]}]},{"@type":"ImageObject","inLanguage":"fr-FR","@id":"https:\/\/www.sublimespain.com\/fr\/jours-feries-nationaux-espagnols-en-2022-dates-et-celebrations\/#primaryimage","url":"https:\/\/www.sublimespain.com\/wp-content\/uploads\/National-Spanish-Holidays-in-2022-Dates-and-Celebrations.jpg","contentUrl":"https:\/\/www.sublimespain.com\/wp-content\/uploads\/National-Spanish-Holidays-in-2022-Dates-and-Celebrations.jpg","width":1600,"height":900,"caption":"National Spanish Holidays"},{"@type":"BreadcrumbList","@id":"https:\/\/www.sublimespain.com\/fr\/jours-feries-nationaux-espagnols-en-2022-dates-et-celebrations\/#breadcrumb","itemListElement":[{"@type":"ListItem","position":1,"name":"Home","item":"https:\/\/www.sublimespain.com\/fr\/comptables-avocats-et-specialistes-en-espagne\/"},{"@type":"ListItem","position":2,"name":"Jours f\u00e9ri\u00e9s nationaux espagnols en 2025: dates et c\u00e9l\u00e9brations"}]},{"@type":"WebSite","@id":"https:\/\/www.sublimespain.com\/fr\/#website","url":"https:\/\/www.sublimespain.com\/fr\/","name":"SublimeSpain","description":"Discover new possibilities","publisher":{"@id":"https:\/\/www.sublimespain.com\/fr\/#organization"},"potentialAction":[{"@type":"SearchAction","target":{"@type":"EntryPoint","urlTemplate":"https:\/\/www.sublimespain.com\/fr\/?s={search_term_string}"},"query-input":{"@type":"PropertyValueSpecification","valueRequired":true,"valueName":"search_term_string"}}],"inLanguage":"fr-FR"},{"@type":"Organization","@id":"https:\/\/www.sublimespain.com\/fr\/#organization","name":"SublimeSpain","url":"https:\/\/www.sublimespain.com\/fr\/","logo":{"@type":"ImageObject","inLanguage":"fr-FR","@id":"https:\/\/www.sublimespain.com\/fr\/#\/schema\/logo\/image\/","url":"https:\/\/www.sublimespain.com\/wp-content\/uploads\/Sublime-Spain-Isotype-Blue.png","contentUrl":"https:\/\/www.sublimespain.com\/wp-content\/uploads\/Sublime-Spain-Isotype-Blue.png","width":6250,"height":6250,"caption":"SublimeSpain"},"image":{"@id":"https:\/\/www.sublimespain.com\/fr\/#\/schema\/logo\/image\/"}},{"@type":"Person","@id":"https:\/\/www.sublimespain.com\/fr\/#\/schema\/person\/3e53beabee1d3d2240a2f74ff56b8489","name":"Martin","description":"Drawing from my Dutch and Spanish heritage and family ties, I hope to add personality to my articles. My goal is to connect readers with knowledge about Spain and help them explore the rich country.","url":"https:\/\/www.sublimespain.com\/fr\/author\/desmondg\/"}]}},"_links":{"self":[{"href":"https:\/\/www.sublimespain.com\/fr\/wp-json\/wp\/v2\/posts\/12866","targetHints":{"allow":["GET"]}}],"collection":[{"href":"https:\/\/www.sublimespain.com\/fr\/wp-json\/wp\/v2\/posts"}],"about":[{"href":"https:\/\/www.sublimespain.com\/fr\/wp-json\/wp\/v2\/types\/post"}],"author":[{"embeddable":true,"href":"https:\/\/www.sublimespain.com\/fr\/wp-json\/wp\/v2\/users\/1"}],"replies":[{"embeddable":true,"href":"https:\/\/www.sublimespain.com\/fr\/wp-json\/wp\/v2\/comments?post=12866"}],"version-history":[{"count":0,"href":"https:\/\/www.sublimespain.com\/fr\/wp-json\/wp\/v2\/posts\/12866\/revisions"}],"wp:featuredmedia":[{"embeddable":true,"href":"https:\/\/www.sublimespain.com\/fr\/wp-json\/wp\/v2\/media\/17832"}],"wp:attachment":[{"href":"https:\/\/www.sublimespain.com\/fr\/wp-json\/wp\/v2\/media?parent=12866"}],"wp:term":[{"taxonomy":"category","embeddable":true,"href":"https:\/\/www.sublimespain.com\/fr\/wp-json\/wp\/v2\/categories?post=12866"},{"taxonomy":"post_tag","embeddable":true,"href":"https:\/\/www.sublimespain.com\/fr\/wp-json\/wp\/v2\/tags?post=12866"}],"curies":[{"name":"wp","href":"https:\/\/api.w.org\/{rel}","templated":true}]}}